{"id":16849,"date":"2025-04-30T10:45:32","date_gmt":"2025-04-30T10:45:32","guid":{"rendered":"https:\/\/blogsecuritasdirect.es\/?p=16849"},"modified":"2026-02-13T12:23:37","modified_gmt":"2026-02-13T12:23:37","slug":"te-pueden-grabar-en-el-trabajo","status":"publish","type":"post","link":"https:\/\/www.securitasdirect.es\/blog\/te-pueden-grabar-en-el-trabajo\/","title":{"rendered":"\u00bfTe pueden grabar en el trabajo?"},"content":{"rendered":"<div id=\"ez-toc-container\" class=\"ez-toc-v2_0_69_1 counter-hierarchy ez-toc-counter ez-toc-custom ez-toc-container-direction\">\n<div class=\"ez-toc-title-container\">\n<p class=\"ez-toc-title ez-toc-toggle\" style=\"cursor:pointer\">\u00cdndice:<\/p>\n<span class=\"ez-toc-title-toggle\"><\/span><\/div>\n<nav><ul class='ez-toc-list ez-toc-list-level-1 ' ><li class='ez-toc-page-1 ez-toc-heading-level-2'><a class=\"ez-toc-link ez-toc-heading-1\" href=\"https:\/\/www.securitasdirect.es\/blog\/te-pueden-grabar-en-el-trabajo\/#%c2%bfes-legal-poner-camaras-en-el-trabajo\" title=\"\u00bfEs legal poner c\u00e1maras en el trabajo?\">\u00bfEs legal poner c\u00e1maras en el trabajo?<\/a><\/li><li class='ez-toc-page-1 ez-toc-heading-level-2'><a class=\"ez-toc-link ez-toc-heading-2\" href=\"https:\/\/www.securitasdirect.es\/blog\/te-pueden-grabar-en-el-trabajo\/#%c2%bfse-pueden-grabar-conversaciones-en-el-trabajo\" title=\"\u00bfSe pueden grabar conversaciones en el trabajo?\">\u00bfSe pueden grabar conversaciones en el trabajo?<\/a><\/li><li class='ez-toc-page-1 ez-toc-heading-level-2'><a class=\"ez-toc-link ez-toc-heading-3\" href=\"https:\/\/www.securitasdirect.es\/blog\/te-pueden-grabar-en-el-trabajo\/#consecuencias-legales-de-incumplir-la-normativa\" title=\"Consecuencias legales de incumplir la normativa\">Consecuencias legales de incumplir la normativa<\/a><\/li><li class='ez-toc-page-1 ez-toc-heading-level-2'><a class=\"ez-toc-link ez-toc-heading-4\" href=\"https:\/\/www.securitasdirect.es\/blog\/te-pueden-grabar-en-el-trabajo\/#seguridad-en-los-negocios-protege-tu-empresa\" title=\"Seguridad en los negocios: Protege tu empresa\">Seguridad en los negocios: Protege tu empresa<\/a><\/li><\/ul><\/nav><\/div>\n[vc_row type=\u00bbin_container\u00bb full_screen_row_position=\u00bbmiddle\u00bb column_margin=\u00bbdefault\u00bb scene_position=\u00bbcenter\u00bb text_color=\u00bbdark\u00bb text_align=\u00bbleft\u00bb overlay_strength=\u00bb0.3&#8243; shape_divider_position=\u00bbbottom\u00bb bg_image_animation=\u00bbnone\u00bb][vc_column column_padding=\u00bbno-extra-padding\u00bb column_padding_position=\u00bball\u00bb background_color_opacity=\u00bb1&#8243; background_hover_color_opacity=\u00bb1&#8243; column_link_target=\u00bb_self\u00bb column_shadow=\u00bbnone\u00bb column_border_radius=\u00bbnone\u00bb width=\u00bb1\/1&#8243; tablet_width_inherit=\u00bbdefault\u00bb tablet_text_alignment=\u00bbdefault\u00bb phone_text_alignment=\u00bbdefault\u00bb overlay_strength=\u00bb0.3&#8243; column_border_width=\u00bbnone\u00bb column_border_style=\u00bbsolid\u00bb bg_image_animation=\u00bbnone\u00bb][vc_column_text]La videovigilancia en el entorno laboral busca garantizar la seguridad de las instalaciones, proteger los bienes de la empresa y supervisar el cumplimiento de las obligaciones laborales por parte de los empleados. Es importante tener en cuenta que <strong>la instalaci\u00f3n y uso de c\u00e1maras deben realizarse conforme a la normativa vigente <\/strong>para respetar los derechos fundamentales de los trabajadores, especialmente su derecho a la intimidad y privacidad.<\/p>\n<h2><span class=\"ez-toc-section\" id=\"%c2%bfes-legal-poner-camaras-en-el-trabajo\"><\/span><strong>\u00bfEs legal poner c\u00e1maras en el trabajo?<\/strong><span class=\"ez-toc-section-end\"><\/span><\/h2>\n<p>En Espa\u00f1a, la instalaci\u00f3n de <a href=\"https:\/\/www.securitasdirect.es\/alarma-securitas-direct\/videovigilancia-para-negocios\">c\u00e1maras de videovigilancia en el \u00e1mbito laboral<\/a> es legal, siempre que se cumplan ciertos requisitos establecidos por la normativa de protecci\u00f3n de datos y el Estatuto de los Trabajadores. El art\u00edculo 20.3 del <a href=\"https:\/\/www.boe.es\/buscar\/act.php?id=BOE-A-2015-11430\"><strong>Estatuto de los Trabajadores<\/strong><\/a><strong> permite al empleador adoptar las medidas que estime oportunas de vigilancia y control <\/strong>para verificar el cumplimiento por parte del trabajador de sus obligaciones y deberes laborales, incluyendo la instalaci\u00f3n de c\u00e1maras.<\/p>\n<h3><strong>Consideraciones legales para oficinas privadas y espacios compartidos<\/strong><\/h3>\n<p>La instalaci\u00f3n de c\u00e1maras <strong>debe respetar el principio de proporcionalidad y ser adecuada, necesaria y equilibrada<\/strong> en relaci\u00f3n con la finalidad perseguida. En este sentido, el art\u00edculo 89 de la <a href=\"https:\/\/www.boe.es\/buscar\/doc.php?id=BOE-A-2018-16673\">Ley Org\u00e1nica 3\/2018 de Protecci\u00f3n de Datos<\/a> establece que los empleadores podr\u00e1n instalar c\u00e1maras siempre que informen previamente, \u201cde forma expresa, clara y concisa\u201d, a los trabajadores sobre la existencia de las c\u00e1maras, su ubicaci\u00f3n y la finalidad de las grabaciones. La <a href=\"https:\/\/hj.tribunalconstitucional.es\/HJ\/es\/Resolucion\/Show\/29082#complete_resolucion&amp;completa\">sentencia 119\/2022 del Tribunal Constitucional<\/a> determin\u00f3 la posibilidad de poner c\u00e1maras sin aviso previo a los empleados siempre que haya un cartel en la oficina que informe de su existencia.<\/p>\n<p>Un punto importante tambi\u00e9n es conocer <a href=\"https:\/\/www.securitasdirect.es\/blog\/legal-poner-camaras\/\">d\u00f3nde es legal instalar c\u00e1maras de seguridad<\/a>. <strong>No est\u00e1 permitido hacerlo en lugares donde se vulnera la intimidad de los trabajadores<\/strong>, como vestuarios, ba\u00f1os o zonas de descanso. En espacios compartidos, como \u00e1reas de producci\u00f3n o atenci\u00f3n al p\u00fablico, la videovigilancia puede estar justificada, pero siempre cumpliendo con los requisitos legales.<\/p>\n<h3><strong>Ejemplos pr\u00e1cticos y aspectos \u00e9ticos: c\u00e1maras ocultas<\/strong><\/h3>\n<p>El uso de c\u00e1maras ocultas en el trabajo es una pr\u00e1ctica muy controvertida y, en general, no recomendada. La jurisprudencia ha establecido que la instalaci\u00f3n de c\u00e1maras sin informar a los empleados <strong>puede constituir una vulneraci\u00f3n de sus derechos fundamentales, salvo en casos excepcionales<\/strong> donde exista una sospecha fundada de comportamientos il\u00edcitos y siempre que la medida sea proporcional y necesaria.<\/p>\n<p>Por ejemplo, en situaciones de robos continuados en la empresa, podr\u00eda justificarse la instalaci\u00f3n temporal de <a href=\"https:\/\/www.securitasdirect.es\/blog\/mini-camaras-espias-y-camaras-ocultas-tipos\/\">c\u00e1maras ocultas<\/a>, pero <strong>siempre bajo criterios estrictos y, preferiblemente, con autorizaci\u00f3n judicial. <\/strong><\/p>\n<p>Tambi\u00e9n es legal poner <a href=\"https:\/\/www.securitasdirect.es\/blog\/camaras-falsas\/\">c\u00e1maras falsas<\/a>, es decir que sirvan como elemento disuasorio y no realicen grabaci\u00f3n alguna, pero siempre siguiendo la normativa de los dem\u00e1s sistemas de videovigilancia. Sin embargo, no es una opci\u00f3n recomendable por sus numerosas desventajas.<\/p>\n<h3><strong>\u00bfEs legal poner c\u00e1maras en el trabajo con audio?<\/strong><\/h3>\n<p>La grabaci\u00f3n de audio en el lugar de trabajo est\u00e1 sujeta a restricciones m\u00e1s severas que la grabaci\u00f3n de im\u00e1genes. La captaci\u00f3n de sonido se considera una intromisi\u00f3n m\u00e1s profunda en la privacidad de los empleados y, por lo tanto, <strong>su uso est\u00e1 limitado a situaciones excepcionales<\/strong>. Seg\u00fan la normativa de protecci\u00f3n de datos, la instalaci\u00f3n de c\u00e1maras con audio en el trabajo solo es legal si se informa previamente a los empleados y se obtiene su consentimiento expl\u00edcito.<\/p>\n<h3><strong>Diferencia entre c\u00e1maras con y sin audio<\/strong><\/h3>\n<p>Mientras que las c\u00e1maras sin audio pueden instalarse con fines de seguridad y control laboral, siempre que se informe a los empleados y se respeten las zonas de privacidad, las c\u00e1maras con audio requieren una justificaci\u00f3n adicional. La grabaci\u00f3n de conversaciones privadas, aunque se realicen en el entorno laboral, puede vulnerar derechos fundamentales, por lo que <strong>su uso debe estar plenamente justificado y ser proporcional<\/strong> al objetivo perseguido.<\/p>\n[\/vc_column_text][\/vc_column][\/vc_row][vc_row type=\u00bbin_container\u00bb full_screen_row_position=\u00bbmiddle\u00bb equal_height=\u00bbyes\u00bb content_placement=\u00bbmiddle\u00bb column_margin=\u00bbdefault\u00bb bg_color=\u00bb#ff0033&#8243; scene_position=\u00bbcenter\u00bb text_color=\u00bblight\u00bb text_align=\u00bbleft\u00bb top_padding=\u00bb2%\u00bb bottom_padding=\u00bb2%\u00bb overlay_strength=\u00bb0.95&#8243; shape_divider_position=\u00bbbottom\u00bb bg_image_animation=\u00bbnone\u00bb shape_type=\u00bb\u00bb][vc_column column_padding=\u00bbpadding-4-percent\u00bb column_padding_position=\u00bbleft-right\u00bb background_color_opacity=\u00bb1&#8243; background_hover_color_opacity=\u00bb1&#8243; column_link_target=\u00bb_self\u00bb column_shadow=\u00bbnone\u00bb column_border_radius=\u00bbnone\u00bb width=\u00bb1\/2&#8243; tablet_width_inherit=\u00bbdefault\u00bb tablet_text_alignment=\u00bbcenter\u00bb phone_text_alignment=\u00bbcenter\u00bb overlay_strength=\u00bb0.3&#8243; column_border_width=\u00bbnone\u00bb column_border_style=\u00bbsolid\u00bb bg_image_animation=\u00bbnone\u00bb][vc_raw_html]JTVCUmliYm9uJTVE[\/vc_raw_html][\/vc_column][vc_column column_padding=\u00bbpadding-4-percent\u00bb column_padding_position=\u00bbleft-right\u00bb background_color_opacity=\u00bb1&#8243; background_hover_color_opacity=\u00bb1&#8243; column_link_target=\u00bb_self\u00bb column_shadow=\u00bbnone\u00bb column_border_radius=\u00bbnone\u00bb width=\u00bb1\/2&#8243; tablet_width_inherit=\u00bbdefault\u00bb tablet_text_alignment=\u00bbcenter\u00bb phone_text_alignment=\u00bbcenter\u00bb overlay_strength=\u00bb0.3&#8243; column_border_width=\u00bbnone\u00bb column_border_style=\u00bbsolid\u00bb bg_image_animation=\u00bbnone\u00bb][vc_row_inner column_margin=\u00bbdefault\u00bb text_align=\u00bbright\u00bb][vc_column_inner column_padding=\u00bbno-extra-padding\u00bb column_padding_position=\u00bball\u00bb background_color_opacity=\u00bb1&#8243; background_hover_color_opacity=\u00bb1&#8243; column_shadow=\u00bbnone\u00bb column_border_radius=\u00bbnone\u00bb column_link_target=\u00bb_self\u00bb width=\u00bb1\/1&#8243; tablet_width_inherit=\u00bbdefault\u00bb overlay_strength=\u00bb0.3&#8243; column_border_width=\u00bbnone\u00bb column_border_style=\u00bbsolid\u00bb bg_image_animation=\u00bbnone\u00bb][vc_raw_html]JTVCYm90b24lNUQ=[\/vc_raw_html][\/vc_column_inner][\/vc_row_inner][\/vc_column][\/vc_row][vc_row type=\u00bbin_container\u00bb full_screen_row_position=\u00bbmiddle\u00bb column_margin=\u00bbdefault\u00bb scene_position=\u00bbcenter\u00bb text_color=\u00bbdark\u00bb text_align=\u00bbleft\u00bb overlay_strength=\u00bb0.3&#8243; shape_divider_position=\u00bbbottom\u00bb bg_image_animation=\u00bbnone\u00bb][vc_column column_padding=\u00bbno-extra-padding\u00bb column_padding_position=\u00bball\u00bb background_color_opacity=\u00bb1&#8243; background_hover_color_opacity=\u00bb1&#8243; column_link_target=\u00bb_self\u00bb column_shadow=\u00bbnone\u00bb column_border_radius=\u00bbnone\u00bb width=\u00bb1\/1&#8243; tablet_width_inherit=\u00bbdefault\u00bb tablet_text_alignment=\u00bbdefault\u00bb phone_text_alignment=\u00bbdefault\u00bb overlay_strength=\u00bb0.3&#8243; column_border_width=\u00bbnone\u00bb column_border_style=\u00bbsolid\u00bb bg_image_animation=\u00bbnone\u00bb][vc_column_text]\n<h2><span class=\"ez-toc-section\" id=\"%c2%bfse-pueden-grabar-conversaciones-en-el-trabajo\"><\/span><strong>\u00bfSe pueden grabar conversaciones en el trabajo?<\/strong><span class=\"ez-toc-section-end\"><\/span><\/h2>\n<h3><strong>Regulaci\u00f3n espec\u00edfica sobre la grabaci\u00f3n de audio<\/strong><\/h3>\n<p>La grabaci\u00f3n de conversaciones en el trabajo est\u00e1 estrictamente regulada. La <a href=\"https:\/\/www.boe.es\/buscar\/doc.php?id=BOE-A-2018-16673\">Ley Org\u00e1nica de Protecci\u00f3n de Datos y garant\u00eda de los derechos digitales<\/a> (LOPDGDD) indica que la captaci\u00f3n de sonido en el entorno <strong>laboral solo es admisible cuando exista un riesgo relevante para la seguridad de las instalaciones, bienes y personas<\/strong> derivado de la actividad que se desarrolle en el centro de trabajo, y siempre respetando el principio de proporcionalidad e intervenci\u00f3n m\u00ednima.<\/p>\n<h3><strong>Derechos de los empleados en relaci\u00f3n con su privacidad<\/strong><\/h3>\n<p>Los empleados tienen derecho a ser informados sobre cualquier medida de vigilancia que afecte su privacidad, incluyendo la grabaci\u00f3n de audio. Adem\u00e1s, <strong>tienen derecho a acceder a las grabaciones en las que aparezcan <\/strong>y a ejercer los derechos de rectificaci\u00f3n y supresi\u00f3n de sus datos personales. La empresa debe garantizar que las medidas de vigilancia no vulneren la dignidad y los derechos fundamentales de los trabajadores.<\/p>\n<h2><span class=\"ez-toc-section\" id=\"consecuencias-legales-de-incumplir-la-normativa\"><\/span><strong>Consecuencias legales de incumplir la normativa<\/strong><span class=\"ez-toc-section-end\"><\/span><\/h2>\n<h3><strong>Sanciones para empleadores que instalen c\u00e1maras de forma indebida y\/o graben a sus empleados<\/strong><\/h3>\n<p>El incumplimiento de la normativa sobre videovigilancia puede acarrear sanciones para las empresas. La Agencia Espa\u00f1ola de Protecci\u00f3n de Datos (AEPD) puede imponer <strong>multas que var\u00edan en funci\u00f3n de la gravedad de la infracci\u00f3n<\/strong>. Adem\u00e1s, los empleados afectados pueden interponer demandas por violaci\u00f3n de sus derechos fundamentales, lo que tambi\u00e9n derivar\u00eda en indemnizaciones por da\u00f1os y perjuicios.<\/p>\n<h3><strong>Repercusiones legales para la empresa y los responsables<\/strong><\/h3>\n<p>M\u00e1s all\u00e1 de las sanciones econ\u00f3micas, <strong>el uso indebido de sistemas de videovigilancia puede da\u00f1ar la reputaci\u00f3n de la empresa y afectar negativamente el clima laboral<\/strong>. Los responsables de la instalaci\u00f3n y gesti\u00f3n de estos sistemas pueden enfrentarse a responsabilidades legales, incluyendo posibles acciones penales en casos de violaciones graves de la privacidad. Las empresas deben poner en pr\u00e1ctica pol\u00edticas claras y transparentes sobre el uso de c\u00e1maras en el lugar de trabajo, asegurando el cumplimiento de la normativa vigente y respetando los derechos de sus empleados.<\/p>\n<h2><span class=\"ez-toc-section\" id=\"seguridad-en-los-negocios-protege-tu-empresa\"><\/span><strong>Seguridad en los negocios: Protege tu empresa<\/strong><span class=\"ez-toc-section-end\"><\/span><\/h2>\n<p>La seguridad en el \u00e1mbito laboral no se limita a la videovigilancia, sino que tambi\u00e9n involucra otras medidas esenciales para proteger tu empresa y empleados. Adem\u00e1s de las c\u00e1maras de seguridad, una de las mejores maneras de garantizar la protecci\u00f3n de tus instalaciones es contar con un sistema de alarmas conectado. Con soluciones avanzadas como las <a href=\"https:\/\/www.securitasdirect.es\/alarmas-negocios\">alarmas para negocios<\/a> de Securitas Direct, puedes tener una protecci\u00f3n integral que incluye sensores de movimiento, c\u00e1maras de vigilancia y una conexi\u00f3n directa con una central receptora de alarmas, lo que asegura una respuesta r\u00e1pida ante cualquier intento de intrusi\u00f3n.<\/p>\n<p>Instalar un sistema de alarmas adecuado es clave para reducir los riesgos de robos, da\u00f1os o incidentes no deseados. Estas alarmas no solo protegen tus bienes materiales, sino que tambi\u00e9n proporcionan tranquilidad a tus empleados y a ti.[\/vc_column_text][\/vc_column][\/vc_row]\n","protected":false},"excerpt":{"rendered":"<p>[vc_row type=\u00bbin_container\u00bb full_screen_row_position=\u00bbmiddle\u00bb column_margin=\u00bbdefault\u00bb scene_position=\u00bbcenter\u00bb text_color=\u00bbdark\u00bb text_align=\u00bbleft\u00bb overlay_strength=\u00bb0.3&#8243; shape_divider_position=\u00bbbottom\u00bb bg_image_animation=\u00bbnone\u00bb][vc_column&#8230;<\/p>\n","protected":false},"author":11,"featured_media":16777,"comment_status":"closed","ping_status":"closed","sticky":false,"template":"","format":"standard","meta":{"footnotes":""},"categories":[1],"tags":[],"class_list":{"0":"post-16849","1":"post","2":"type-post","3":"status-publish","4":"format-standard","5":"has-post-thumbnail","7":"category-servicios-de-seguridad"},"yoast_head":"<!-- This site is optimized with the Yoast SEO plugin v24.3 - https:\/\/yoast.com\/wordpress\/plugins\/seo\/ -->\n<title>\u00bfEs legal poner c\u00e1maras en el trabajo? - Securitas Direct<\/title>\n<meta name=\"description\" content=\"Conoce la normativa sobre c\u00e1maras en el trabajo, su legalidad, uso con audio, derechos laborales y sanciones por incumplimientos.\" \/>\n<meta name=\"robots\" content=\"index, follow, max-snippet:-1, max-image-preview:large, max-video-preview:-1\" \/>\n<link rel=\"canonical\" href=\"https:\/\/www.securitasdirect.es\/blog\/te-pueden-grabar-en-el-trabajo\/\" \/>\n<meta property=\"og:locale\" content=\"es_ES\" \/>\n<meta property=\"og:type\" content=\"article\" \/>\n<meta property=\"og:title\" content=\"\u00bfEs legal poner c\u00e1maras en el trabajo? - Securitas Direct\" \/>\n<meta property=\"og:description\" content=\"Conoce la normativa sobre c\u00e1maras en el trabajo, su legalidad, uso con audio, derechos laborales y sanciones por incumplimientos.\" \/>\n<meta property=\"og:url\" content=\"https:\/\/www.securitasdirect.es\/blog\/te-pueden-grabar-en-el-trabajo\/\" \/>\n<meta property=\"og:site_name\" content=\"Blog de seguridad - Securitas Direct\" \/>\n<meta property=\"article:publisher\" content=\"https:\/\/www.facebook.com\/SecuritasDirect\/\" \/>\n<meta property=\"article:published_time\" content=\"2025-04-30T10:45:32+00:00\" \/>\n<meta property=\"article:modified_time\" content=\"2026-02-13T12:23:37+00:00\" \/>\n<meta property=\"og:image\" content=\"https:\/\/blogsecuritasdirect.es\/wp-content\/uploads\/2025\/02\/legal-poner-camaras-de-vigilancia-en-el-trabajo.webp\" \/>\n\t<meta property=\"og:image:width\" content=\"1024\" \/>\n\t<meta property=\"og:image:height\" content=\"1024\" \/>\n\t<meta property=\"og:image:type\" content=\"image\/webp\" \/>\n<meta name=\"author\" content=\"erica\" \/>\n<meta name=\"twitter:card\" content=\"summary_large_image\" \/>\n<meta name=\"twitter:creator\" content=\"@SecuritasDirect\" \/>\n<meta name=\"twitter:site\" content=\"@SecuritasDirect\" \/>\n<meta name=\"twitter:label1\" content=\"Escrito por\" \/>\n\t<meta name=\"twitter:data1\" content=\"erica\" \/>\n\t<meta name=\"twitter:label2\" content=\"Tiempo de lectura\" \/>\n\t<meta name=\"twitter:data2\" content=\"6 minutos\" \/>\n<script type=\"application\/ld+json\" class=\"yoast-schema-graph\">{\"@context\":\"https:\/\/schema.org\",\"@graph\":[{\"@type\":\"Article\",\"@id\":\"https:\/\/www.securitasdirect.es\/blog\/te-pueden-grabar-en-el-trabajo\/#article\",\"isPartOf\":{\"@id\":\"https:\/\/blogsecuritasdirect.es\/te-pueden-grabar-en-el-trabajo\/\"},\"author\":{\"name\":\"erica\",\"@id\":\"https:\/\/blogsecuritasdirect.es\/#\/schema\/person\/ca63e437aa3a4a8d81231ea4e171dea7\"},\"headline\":\"\u00bfTe pueden grabar en el trabajo?\",\"datePublished\":\"2025-04-30T10:45:32+00:00\",\"dateModified\":\"2026-02-13T12:23:37+00:00\",\"mainEntityOfPage\":{\"@id\":\"https:\/\/blogsecuritasdirect.es\/te-pueden-grabar-en-el-trabajo\/\"},\"wordCount\":1635,\"publisher\":{\"@id\":\"https:\/\/blogsecuritasdirect.es\/#organization\"},\"image\":{\"@id\":\"https:\/\/www.securitasdirect.es\/blog\/te-pueden-grabar-en-el-trabajo\/#primaryimage\"},\"thumbnailUrl\":\"https:\/\/blogsecuritasdirect.es\/wp-content\/uploads\/2025\/02\/legal-poner-camaras-de-vigilancia-en-el-trabajo.webp\",\"articleSection\":[\"Servicios de seguridad\"],\"inLanguage\":\"es\"},{\"@type\":\"WebPage\",\"@id\":\"https:\/\/blogsecuritasdirect.es\/te-pueden-grabar-en-el-trabajo\/\",\"url\":\"https:\/\/www.securitasdirect.es\/blog\/te-pueden-grabar-en-el-trabajo\/\",\"name\":\"\u00bfEs legal poner c\u00e1maras en el trabajo? - Securitas Direct\",\"isPartOf\":{\"@id\":\"https:\/\/blogsecuritasdirect.es\/#website\"},\"primaryImageOfPage\":{\"@id\":\"https:\/\/www.securitasdirect.es\/blog\/te-pueden-grabar-en-el-trabajo\/#primaryimage\"},\"image\":{\"@id\":\"https:\/\/www.securitasdirect.es\/blog\/te-pueden-grabar-en-el-trabajo\/#primaryimage\"},\"thumbnailUrl\":\"https:\/\/blogsecuritasdirect.es\/wp-content\/uploads\/2025\/02\/legal-poner-camaras-de-vigilancia-en-el-trabajo.webp\",\"datePublished\":\"2025-04-30T10:45:32+00:00\",\"dateModified\":\"2026-02-13T12:23:37+00:00\",\"description\":\"Conoce la normativa sobre c\u00e1maras en el trabajo, su legalidad, uso con audio, derechos laborales y sanciones por incumplimientos.\",\"breadcrumb\":{\"@id\":\"https:\/\/www.securitasdirect.es\/blog\/te-pueden-grabar-en-el-trabajo\/#breadcrumb\"},\"inLanguage\":\"es\",\"potentialAction\":[{\"@type\":\"ReadAction\",\"target\":[\"https:\/\/www.securitasdirect.es\/blog\/te-pueden-grabar-en-el-trabajo\/\"]}]},{\"@type\":\"ImageObject\",\"inLanguage\":\"es\",\"@id\":\"https:\/\/www.securitasdirect.es\/blog\/te-pueden-grabar-en-el-trabajo\/#primaryimage\",\"url\":\"https:\/\/blogsecuritasdirect.es\/wp-content\/uploads\/2025\/02\/legal-poner-camaras-de-vigilancia-en-el-trabajo.webp\",\"contentUrl\":\"https:\/\/blogsecuritasdirect.es\/wp-content\/uploads\/2025\/02\/legal-poner-camaras-de-vigilancia-en-el-trabajo.webp\",\"width\":1024,\"height\":1024,\"caption\":\"Explora la legalidad de instalar c\u00e1maras de seguridad en el entorno laboral. Conoce las implicaciones de privacidad y las mejores pr\u00e1cticas para garantizar la protecci\u00f3n de empleados y bienes\"},{\"@type\":\"BreadcrumbList\",\"@id\":\"https:\/\/www.securitasdirect.es\/blog\/te-pueden-grabar-en-el-trabajo\/#breadcrumb\",\"itemListElement\":[{\"@type\":\"ListItem\",\"position\":1,\"name\":\"blog\",\"item\":\"https:\/\/blogsecuritasdirect.es\/\"},{\"@type\":\"ListItem\",\"position\":2,\"name\":\"\u00bfTe pueden grabar en el trabajo?\"}]},{\"@type\":\"WebSite\",\"@id\":\"https:\/\/blogsecuritasdirect.es\/#website\",\"url\":\"https:\/\/blogsecuritasdirect.es\/\",\"name\":\"Blog de seguridad - Securitas Direct\",\"description\":\"Protege lo que m\u00e1s te importa con las alarmas de Securitas Direct\",\"publisher\":{\"@id\":\"https:\/\/blogsecuritasdirect.es\/#organization\"},\"potentialAction\":[{\"@type\":\"SearchAction\",\"target\":{\"@type\":\"EntryPoint\",\"urlTemplate\":\"https:\/\/blogsecuritasdirect.es\/?s={search_term_string}\"},\"query-input\":{\"@type\":\"PropertyValueSpecification\",\"valueRequired\":true,\"valueName\":\"search_term_string\"}}],\"inLanguage\":\"es\"},{\"@type\":\"Organization\",\"@id\":\"https:\/\/blogsecuritasdirect.es\/#organization\",\"name\":\"Securitas Direct\",\"url\":\"https:\/\/blogsecuritasdirect.es\/\",\"logo\":{\"@type\":\"ImageObject\",\"inLanguage\":\"es\",\"@id\":\"https:\/\/blogsecuritasdirect.es\/#\/schema\/logo\/image\/\",\"url\":\"https:\/\/blogsecuritasdirect.es\/wp-content\/uploads\/2020\/04\/logo_securitas-direct.png\",\"contentUrl\":\"https:\/\/blogsecuritasdirect.es\/wp-content\/uploads\/2020\/04\/logo_securitas-direct.png\",\"width\":100,\"height\":68,\"caption\":\"Securitas Direct\"},\"image\":{\"@id\":\"https:\/\/blogsecuritasdirect.es\/#\/schema\/logo\/image\/\"},\"sameAs\":[\"https:\/\/www.facebook.com\/SecuritasDirect\/\",\"https:\/\/x.com\/SecuritasDirect\",\"https:\/\/www.instagram.com\/securitasdirect\/\",\"https:\/\/es.linkedin.com\/company\/securitas-direct-verisure-group\",\"https:\/\/www.youtube.com\/user\/securitasdirect\"]},{\"@type\":\"Person\",\"@id\":\"https:\/\/blogsecuritasdirect.es\/#\/schema\/person\/ca63e437aa3a4a8d81231ea4e171dea7\",\"name\":\"erica\"}]}<\/script>\n<!-- \/ Yoast SEO plugin. -->","yoast_head_json":{"title":"\u00bfEs legal poner c\u00e1maras en el trabajo? - Securitas Direct","description":"Conoce la normativa sobre c\u00e1maras en el trabajo, su legalidad, uso con audio, derechos laborales y sanciones por incumplimientos.","robots":{"index":"index","follow":"follow","max-snippet":"max-snippet:-1","max-image-preview":"max-image-preview:large","max-video-preview":"max-video-preview:-1"},"canonical":"https:\/\/www.securitasdirect.es\/blog\/te-pueden-grabar-en-el-trabajo\/","og_locale":"es_ES","og_type":"article","og_title":"\u00bfEs legal poner c\u00e1maras en el trabajo? - Securitas Direct","og_description":"Conoce la normativa sobre c\u00e1maras en el trabajo, su legalidad, uso con audio, derechos laborales y sanciones por incumplimientos.","og_url":"https:\/\/www.securitasdirect.es\/blog\/te-pueden-grabar-en-el-trabajo\/","og_site_name":"Blog de seguridad - Securitas Direct","article_publisher":"https:\/\/www.facebook.com\/SecuritasDirect\/","article_published_time":"2025-04-30T10:45:32+00:00","article_modified_time":"2026-02-13T12:23:37+00:00","og_image":[{"width":1024,"height":1024,"url":"https:\/\/blogsecuritasdirect.es\/wp-content\/uploads\/2025\/02\/legal-poner-camaras-de-vigilancia-en-el-trabajo.webp","type":"image\/webp"}],"author":"erica","twitter_card":"summary_large_image","twitter_creator":"@SecuritasDirect","twitter_site":"@SecuritasDirect","twitter_misc":{"Escrito por":"erica","Tiempo de lectura":"6 minutos"},"schema":{"@context":"https:\/\/schema.org","@graph":[{"@type":"Article","@id":"https:\/\/www.securitasdirect.es\/blog\/te-pueden-grabar-en-el-trabajo\/#article","isPartOf":{"@id":"https:\/\/blogsecuritasdirect.es\/te-pueden-grabar-en-el-trabajo\/"},"author":{"name":"erica","@id":"https:\/\/blogsecuritasdirect.es\/#\/schema\/person\/ca63e437aa3a4a8d81231ea4e171dea7"},"headline":"\u00bfTe pueden grabar en el trabajo?","datePublished":"2025-04-30T10:45:32+00:00","dateModified":"2026-02-13T12:23:37+00:00","mainEntityOfPage":{"@id":"https:\/\/blogsecuritasdirect.es\/te-pueden-grabar-en-el-trabajo\/"},"wordCount":1635,"publisher":{"@id":"https:\/\/blogsecuritasdirect.es\/#organization"},"image":{"@id":"https:\/\/www.securitasdirect.es\/blog\/te-pueden-grabar-en-el-trabajo\/#primaryimage"},"thumbnailUrl":"https:\/\/blogsecuritasdirect.es\/wp-content\/uploads\/2025\/02\/legal-poner-camaras-de-vigilancia-en-el-trabajo.webp","articleSection":["Servicios de seguridad"],"inLanguage":"es"},{"@type":"WebPage","@id":"https:\/\/blogsecuritasdirect.es\/te-pueden-grabar-en-el-trabajo\/","url":"https:\/\/www.securitasdirect.es\/blog\/te-pueden-grabar-en-el-trabajo\/","name":"\u00bfEs legal poner c\u00e1maras en el trabajo? - Securitas Direct","isPartOf":{"@id":"https:\/\/blogsecuritasdirect.es\/#website"},"primaryImageOfPage":{"@id":"https:\/\/www.securitasdirect.es\/blog\/te-pueden-grabar-en-el-trabajo\/#primaryimage"},"image":{"@id":"https:\/\/www.securitasdirect.es\/blog\/te-pueden-grabar-en-el-trabajo\/#primaryimage"},"thumbnailUrl":"https:\/\/blogsecuritasdirect.es\/wp-content\/uploads\/2025\/02\/legal-poner-camaras-de-vigilancia-en-el-trabajo.webp","datePublished":"2025-04-30T10:45:32+00:00","dateModified":"2026-02-13T12:23:37+00:00","description":"Conoce la normativa sobre c\u00e1maras en el trabajo, su legalidad, uso con audio, derechos laborales y sanciones por incumplimientos.","breadcrumb":{"@id":"https:\/\/www.securitasdirect.es\/blog\/te-pueden-grabar-en-el-trabajo\/#breadcrumb"},"inLanguage":"es","potentialAction":[{"@type":"ReadAction","target":["https:\/\/www.securitasdirect.es\/blog\/te-pueden-grabar-en-el-trabajo\/"]}]},{"@type":"ImageObject","inLanguage":"es","@id":"https:\/\/www.securitasdirect.es\/blog\/te-pueden-grabar-en-el-trabajo\/#primaryimage","url":"https:\/\/blogsecuritasdirect.es\/wp-content\/uploads\/2025\/02\/legal-poner-camaras-de-vigilancia-en-el-trabajo.webp","contentUrl":"https:\/\/blogsecuritasdirect.es\/wp-content\/uploads\/2025\/02\/legal-poner-camaras-de-vigilancia-en-el-trabajo.webp","width":1024,"height":1024,"caption":"Explora la legalidad de instalar c\u00e1maras de seguridad en el entorno laboral. Conoce las implicaciones de privacidad y las mejores pr\u00e1cticas para garantizar la protecci\u00f3n de empleados y bienes"},{"@type":"BreadcrumbList","@id":"https:\/\/www.securitasdirect.es\/blog\/te-pueden-grabar-en-el-trabajo\/#breadcrumb","itemListElement":[{"@type":"ListItem","position":1,"name":"blog","item":"https:\/\/blogsecuritasdirect.es\/"},{"@type":"ListItem","position":2,"name":"\u00bfTe pueden grabar en el trabajo?"}]},{"@type":"WebSite","@id":"https:\/\/blogsecuritasdirect.es\/#website","url":"https:\/\/blogsecuritasdirect.es\/","name":"Blog de seguridad - Securitas Direct","description":"Protege lo que m\u00e1s te importa con las alarmas de Securitas Direct","publisher":{"@id":"https:\/\/blogsecuritasdirect.es\/#organization"},"potentialAction":[{"@type":"SearchAction","target":{"@type":"EntryPoint","urlTemplate":"https:\/\/blogsecuritasdirect.es\/?s={search_term_string}"},"query-input":{"@type":"PropertyValueSpecification","valueRequired":true,"valueName":"search_term_string"}}],"inLanguage":"es"},{"@type":"Organization","@id":"https:\/\/blogsecuritasdirect.es\/#organization","name":"Securitas Direct","url":"https:\/\/blogsecuritasdirect.es\/","logo":{"@type":"ImageObject","inLanguage":"es","@id":"https:\/\/blogsecuritasdirect.es\/#\/schema\/logo\/image\/","url":"https:\/\/blogsecuritasdirect.es\/wp-content\/uploads\/2020\/04\/logo_securitas-direct.png","contentUrl":"https:\/\/blogsecuritasdirect.es\/wp-content\/uploads\/2020\/04\/logo_securitas-direct.png","width":100,"height":68,"caption":"Securitas Direct"},"image":{"@id":"https:\/\/blogsecuritasdirect.es\/#\/schema\/logo\/image\/"},"sameAs":["https:\/\/www.facebook.com\/SecuritasDirect\/","https:\/\/x.com\/SecuritasDirect","https:\/\/www.instagram.com\/securitasdirect\/","https:\/\/es.linkedin.com\/company\/securitas-direct-verisure-group","https:\/\/www.youtube.com\/user\/securitasdirect"]},{"@type":"Person","@id":"https:\/\/blogsecuritasdirect.es\/#\/schema\/person\/ca63e437aa3a4a8d81231ea4e171dea7","name":"erica"}]}},"_links":{"self":[{"href":"https:\/\/www.securitasdirect.es\/blog\/wp-json\/wp\/v2\/posts\/16849","targetHints":{"allow":["GET"]}}],"collection":[{"href":"https:\/\/www.securitasdirect.es\/blog\/wp-json\/wp\/v2\/posts"}],"about":[{"href":"https:\/\/www.securitasdirect.es\/blog\/wp-json\/wp\/v2\/types\/post"}],"author":[{"embeddable":true,"href":"https:\/\/www.securitasdirect.es\/blog\/wp-json\/wp\/v2\/users\/11"}],"replies":[{"embeddable":true,"href":"https:\/\/www.securitasdirect.es\/blog\/wp-json\/wp\/v2\/comments?post=16849"}],"version-history":[{"count":2,"href":"https:\/\/www.securitasdirect.es\/blog\/wp-json\/wp\/v2\/posts\/16849\/revisions"}],"predecessor-version":[{"id":16851,"href":"https:\/\/www.securitasdirect.es\/blog\/wp-json\/wp\/v2\/posts\/16849\/revisions\/16851"}],"wp:featuredmedia":[{"embeddable":true,"href":"https:\/\/www.securitasdirect.es\/blog\/wp-json\/wp\/v2\/media\/16777"}],"wp:attachment":[{"href":"https:\/\/www.securitasdirect.es\/blog\/wp-json\/wp\/v2\/media?parent=16849"}],"wp:term":[{"taxonomy":"category","embeddable":true,"href":"https:\/\/www.securitasdirect.es\/blog\/wp-json\/wp\/v2\/categories?post=16849"},{"taxonomy":"post_tag","embeddable":true,"href":"https:\/\/www.securitasdirect.es\/blog\/wp-json\/wp\/v2\/tags?post=16849"}],"curies":[{"name":"wp","href":"https:\/\/api.w.org\/{rel}","templated":true}]}}